{"id":893,"date":"2023-09-18T08:31:45","date_gmt":"2023-09-18T06:31:45","guid":{"rendered":"https:\/\/www.ostruzina.eu\/?p=893"},"modified":"2026-03-12T10:19:32","modified_gmt":"2026-03-12T09:19:32","slug":"ostruzina-a-neslysici","status":"publish","type":"post","link":"https:\/\/www.ostruzina.eu\/en\/2023\/09\/18\/ostruzina-a-neslysici\/","title":{"rendered":"Ostru\u017eina and the Deaf"},"content":{"rendered":"<p><span style=\"font-size: 12pt;\"><strong>In 2024 the organisation Ostru\u017eina (Bramble) will create dance workshops in primary, secondary and nursery schools for the deaf in the Czech regions and in Prague.<\/strong><\/span><\/p>\n<p><span style=\"font-size: 12pt;\">Since January 2024 Ostru\u017eina and dancers from Animal Carnival attend course of Czech sign language in <a href=\"https:\/\/www.pevnost.com\/wp\/\" target=\"_blank\" rel=\"noopener\" data-saferedirecturl=\"https:\/\/www.google.com\/url?q=https:\/\/www.pevnost.com\/wp\/&amp;source=gmail&amp;ust=1709541772172000&amp;usg=AOvVaw1dedVaLRZf61JI8VKEJRSC\">PEVNOST<\/a><\/span><\/p>\n<div><span style=\"font-size: 12pt;\">Workshops in the first block of the project:<\/span><\/div>\n<div><\/div>\n<div><span style=\"font-size: 12pt;\">workshop I.\u00a0 \u00a0\u00a023.2.\u00a0 Gymn\u00e1zium, St\u0159edn\u00ed odborn\u00e1 \u0161kola, Z\u00e1kladn\u00ed \u0161kola a&nbsp;Mate\u0159sk\u00e1 \u0161kola pro sluchov\u011b posti\u017een\u00e9, Je\u010dn\u00e1\u00a0530\\27, 120&nbsp;00 Praha 2, Nov\u00e9 M\u011bsto<\/span><br \/>\n<span style=\"font-size: 12pt;\">workshop II.\u00a0 \u00a026.2.\u00a0 St\u0159edn\u00ed \u0161kola Z\u00e1kladn\u00ed \u0161kola a&nbsp;Mate\u0159sk\u00e1 \u0161kola pro sluchov\u011b posti\u017een\u00e9, V\u00fdmolova 169,150&nbsp;00 Praha 5,\u00a0 Radlice<\/span><br \/>\n<span style=\"font-size: 12pt;\">workshop III.\u00a0 13.3.,\u00a0St\u0159edn\u00ed \u0161kola, z\u00e1kladn\u00ed \u0161kola a&nbsp;mate\u0159sk\u00e1 \u0161kola pro sluchov\u011b posti\u017een\u00e9, Praha 5,\u00a0Hole\u010dkova 4<\/span><br \/>\n<span style=\"font-size: 12pt;\">workshop IV.\u00a0 12.4.,\u00a0Z\u00e1kladn\u00ed \u0161kola a&nbsp;Mate\u0159sk\u00e1 \u0161kola pro sluchov\u011b posti\u017een\u00e9, Plze\u0148, Mohylov\u00e1 90<\/span><br \/>\n<span style=\"font-size: 12pt;\">workshop V. 24.5.,\u00a0Z\u00e1kladn\u00ed \u0161kola a&nbsp;mate\u0159sk\u00e1 \u0161kola logopedick\u00e1, Liberec<\/span><br \/>\n<span style=\"font-size: 12pt;\">workshop VI.\u00a0 3.6., Z\u00e1kladn\u00ed \u0161kola Gellnerka, Brno<\/span><br \/>\n<span style=\"font-size: 12pt;\">workshop VII.\u00a0 21.6.,\u00a0Mate\u0159sk\u00e1 \u0161kola, z\u00e1kladn\u00ed \u0161kola a&nbsp;st\u0159edn\u00ed \u0161kola pro sluchov\u011b posti\u017een\u00e9, \u010cesk\u00e9 Bud\u011bjovice, Riegrova 1<\/span><br \/>\n<span style=\"font-size: 12pt;\">workshop VIII. 11.11., Mate\u0159sk\u00e1 \u0161kola, z\u00e1kladn\u00ed \u0161kola a&nbsp;st\u0159edn\u00ed \u0161kola pro sluchov\u011b posti\u017een\u00e9,\u00a0Vala\u0161sk\u00e9 Mezi\u0159\u00ed\u010d\u00ed, Vset\u00ednsk\u00e1 454<\/span><br \/>\n<span style=\"font-size: 12pt;\">workshop IX. 12.11., St\u0159edn\u00ed \u0161kola, z\u00e1kladn\u00ed \u0161kola a&nbsp;mate\u0159sk\u00e1 \u0161kola pro sluchov\u011b posti\u017een\u00e9, Olomouc, Kosmonaut\u016f 4<\/span><br \/>\n<span style=\"font-size: 12pt;\">workshop X. 13.11., Z\u0160 a&nbsp;M\u0160 pro sluchov\u011b posti\u017een\u00e9 a&nbsp;vady \u0159e\u010di, Spartakovc\u016f 1153\/5<\/span><br \/>\n<span style=\"font-size: 12pt;\">workshop XI. 9.12., Hradec Kr\u00e1lov\u00e9<\/span><\/div>\n<p>&nbsp;<\/p>\n<p><span style=\"font-size: 12pt;\">The project launch of <strong>Ostru\u017eina and the Deaf <\/strong>took place on <strong>25.9.&nbsp;2023 at PONEC Theatre. <\/strong><\/span><\/p>\n<p><span style=\"font-size: 12pt;\">The project launch was primarily aimed at cultural institutions and schools which are interested in the accessibility of culture, dance and movement for the Czech deaf community.<\/span><\/p>\n<p><span style=\"font-size: 12pt;\"><u>The Day&#8217;s&nbsp;Itinerary: <\/u><\/span><\/p>\n<p><span style=\"font-size: 12pt;\">9:00\u00a0\u00a0\u00a0 the performance of Carnival of the Animals accessible also for the Deaf at PONEC <a href=\"https:\/\/www.ostruzina.eu\/2021\/09\/06\/karneval-zvirat\/\">Carnival of the Animals (page in Czech)<\/a><\/span><br \/>\n<span style=\"font-size: 12pt;\">11:00 introductory speech and performance of Carnival of the Animals accessible also for the Deaf at PONEC <a href=\"https:\/\/www.ostruzina.eu\/2021\/09\/06\/karneval-zvirat\/\">Carnival of the Animals (page in Czech)<\/a><\/span><br \/>\n<span style=\"font-size: 12pt;\">12:30\u00a0 lunch break<\/span><br \/>\n<span style=\"font-size: 12pt;\">14.00 <strong>Introduction and getting familiar with the project, Ostru\u017eina and the Deaf<br \/>\n<\/strong>14:15 Kate\u0159ina Pe\u0161kov\u00e1 &#8211; Deaf Friendly: <strong>How to Ensure the Accessibility of Cultural Subjects and Cultural Events for the Deaf<br \/>\n<\/strong>15:00 a&nbsp;lecture by\u00a0 Marie Basovn\u00edkov\u00e1:\u00a0 <strong>Who are the Czech Deaf Community?<br \/>\n<\/strong>16:30 &#8211; 17:30 discussion and question time<\/span><\/p>\n<p><span style=\"font-size: 12pt;\">The lecture was interpreted for \u010cZJ\u00a0 * Czech Sign Language<\/span><\/p>\n<p>&nbsp;<\/p>\n<p><span style=\"font-size: 12pt;\">The Ostru\u017eina organisation reacts to the demand of deaf parents, teachers and guardians who say that there is little creative learning and education and there are few theatre productions for deaf children. With this project, Ostru\u017eina\u00a0 wishes to provide deaf children with creative dance-movement workshops connected to their viewing of the performance Carnival of the Animals. Carnival of the Animals is an interactive performance originally created primarily for hearing children. After 9 years of performance of the show, the creators and performers decided for change. They invited deaf actress and dancer V\u011bra Sagulov\u00e1 on board to collaborate, and the whole performance was recreated in a&nbsp;version which is suitable for both hearing and non-hearing audiences. This innovative version is in its second year of performance, and is offered to both hearing and non-hearing children who find themselves together in a&nbsp;creative and dreamlike space where they can share the same experiences. \u201c<em>In addition to the cultural experiences, hearing children also gain new information about deaf children and their language, and they meet with their peers who use sign language. Many deaf children have a&nbsp;creative experience in the form of a&nbsp;dance performance with Czech sign language for the very first time,<\/em>\u201d observes deaf actress and dancer\u00a0 V\u011bra Sagulov\u00e1. In the Czech\u00a0 Republic this is the first ever performance with such a&nbsp;target.<\/span><\/p>\n<p><span style=\"font-size: 12pt;\">We can consider the deaf community as a&nbsp;foreign language group through the primary language medium they use. The primary language of communication of the deaf in the Czech Republic is Czech sign language, which is different in nature from spoken languages. It is of a&nbsp;visual motor nature. It is thus created by the hands and received by the eyes (as opposed to audio-oral languages). Deaf children thus naturally acquire a&nbsp;language accessible to their senses, i.e. sign language. For them, Czech is a&nbsp;foreign language, another language that they have to learn in their lives so that they can at least partially function in the society and country in which they live. Although they attend a&nbsp;school for the deaf, even there, they often face a&nbsp;communication barrier (not all pedagogues know Czech sign language). They also face barriers everywhere else: art intended for hearing children is primarily based on sound. It is therefore inaccessible to deaf children. Although we know that the impact of culture and art and creative learning is absolutely crucial for hearing children and their development, deaf children are often excluded from &#8220;ordinary&#8221; things and creative projects because of the language barrier.<\/span><\/p>\n<p>&nbsp;<\/p>\n<p><span style=\"font-size: 12pt;\"><strong>Thanks to PONEC Theatre for providing spave for the project launch of Ostru\u017eina and the Deaf.<\/strong><\/span><\/p>\n<p><span style=\"font-size: 12pt;\"><strong>\u00a0<\/strong><\/span><\/p>\n<p><span style=\"font-size: 12pt;\"><strong>The Ostru\u017eina and the Deaf Project\u00a0 is realised with the financial support of the European Union via the National Recovery Plan programme.<\/strong><\/span><\/p>\n<p><span style=\"font-size: 12pt;\"><img loading=\"lazy\" decoding=\"async\" class=\"alignnone wp-image-864 size-full\" src=\"http:\/\/www.ostruzina.eu\/wp-content\/uploads\/2023\/02\/npo-loga.jpg\" alt=\"\" width=\"1141\" height=\"194\" srcset=\"https:\/\/www.ostruzina.eu\/wp-content\/uploads\/2023\/02\/npo-loga.jpg 1141w, https:\/\/www.ostruzina.eu\/wp-content\/uploads\/2023\/02\/npo-loga-300x51.jpg 300w, https:\/\/www.ostruzina.eu\/wp-content\/uploads\/2023\/02\/npo-loga-1024x174.jpg 1024w, https:\/\/www.ostruzina.eu\/wp-content\/uploads\/2023\/02\/npo-loga-768x131.jpg 768w\" sizes=\"auto, (max-width: 1141px) 100vw, 1141px\" \/><\/span><\/p>","protected":false},"excerpt":{"rendered":"<p>In 2024 the organisation Ostru\u017eina (Bramble) will create dance workshops in primary, secondary and nursery schools for the deaf in the Czech regions and in Prague. Since January 2024 Ostru\u017eina and dancers from Animal Carnival attend course of Czech sign language in PEVNOST Workshops in the first block of the project: workshop I.\u00a0 \u00a0\u00a023.2.\u00a0 Gymn\u00e1zium, [&hellip;]<\/p>\n","protected":false},"author":1,"featured_media":1156,"comment_status":"open","ping_status":"open","sticky":false,"template":"","format":"standard","meta":{"footnotes":""},"categories":[1,7,6],"tags":[],"class_list":["post-893","post","type-post","status-publish","format-standard","has-post-thumbnail","hentry","category-all","category-ostruzinaanddeaf","category-for-schools"],"_links":{"self":[{"href":"https:\/\/www.ostruzina.eu\/en\/wp-json\/wp\/v2\/posts\/893","targetHints":{"allow":["GET"]}}],"collection":[{"href":"https:\/\/www.ostruzina.eu\/en\/wp-json\/wp\/v2\/posts"}],"about":[{"href":"https:\/\/www.ostruzina.eu\/en\/wp-json\/wp\/v2\/types\/post"}],"author":[{"embeddable":true,"href":"https:\/\/www.ostruzina.eu\/en\/wp-json\/wp\/v2\/users\/1"}],"replies":[{"embeddable":true,"href":"https:\/\/www.ostruzina.eu\/en\/wp-json\/wp\/v2\/comments?post=893"}],"version-history":[{"count":15,"href":"https:\/\/www.ostruzina.eu\/en\/wp-json\/wp\/v2\/posts\/893\/revisions"}],"predecessor-version":[{"id":1622,"href":"https:\/\/www.ostruzina.eu\/en\/wp-json\/wp\/v2\/posts\/893\/revisions\/1622"}],"wp:featuredmedia":[{"embeddable":true,"href":"https:\/\/www.ostruzina.eu\/en\/wp-json\/wp\/v2\/media\/1156"}],"wp:attachment":[{"href":"https:\/\/www.ostruzina.eu\/en\/wp-json\/wp\/v2\/media?parent=893"}],"wp:term":[{"taxonomy":"category","embeddable":true,"href":"https:\/\/www.ostruzina.eu\/en\/wp-json\/wp\/v2\/categories?post=893"},{"taxonomy":"post_tag","embeddable":true,"href":"https:\/\/www.ostruzina.eu\/en\/wp-json\/wp\/v2\/tags?post=893"}],"curies":[{"name":"wp","href":"https:\/\/api.w.org\/{rel}","templated":true}]}}